{"@context":"https:\/\/schema.org\/","@type":"Blog","@id":"https:\/\/www.vialemonde.tv\/blog\/#Blog","headline":"Articles","description":"D\u00e9couvrez le monde via le monde !","url":"https:\/\/www.vialemonde.tv\/blog\/","blogPost":[{"@type":"BlogPosting","@id":"https:\/\/www.vialemonde.tv\/les-peuples-autochtones-une-presence-constante-dans-loeuvre-de-via-le-monde\/","headline":"Les peuples autochtones : une pr\u00e9sence constante dans l&rsquo;\u0153uvre de Via le Monde","url":"https:\/\/www.vialemonde.tv\/les-peuples-autochtones-une-presence-constante-dans-loeuvre-de-via-le-monde\/","datePublished":"2026-08-02","dateModified":"2026-08-02","mainEntityOfPage":"https:\/\/www.vialemonde.tv\/les-peuples-autochtones-une-presence-constante-dans-loeuvre-de-via-le-monde\/","author":{"@type":"Person","@id":"https:\/\/www.vialemonde.tv\/author\/catherine\/#Person","name":"catherine","url":"https:\/\/www.vialemonde.tv\/author\/catherine\/","identifier":1,"image":{"@type":"ImageObject","@id":"https:\/\/secure.gravatar.com\/avatar\/54fcfc7b3a86e882ff1fa3e9d1f6618cd20f0fa8aca69b02c1a207af07935dce?s=96&d=mm&r=g","url":"https:\/\/secure.gravatar.com\/avatar\/54fcfc7b3a86e882ff1fa3e9d1f6618cd20f0fa8aca69b02c1a207af07935dce?s=96&d=mm&r=g","height":96,"width":96}},"publisher":{"@type":"Organization","name":"Le Groupe Via le monde Inc.","logo":{"@type":"ImageObject","@id":"https:\/\/www.vialemonde.tv\/wp-content\/uploads\/2026\/06\/Logo-Via-le-monde-colore\u0301-bleu.png","url":"https:\/\/www.vialemonde.tv\/wp-content\/uploads\/2026\/06\/Logo-Via-le-monde-colore\u0301-bleu.png","width":600,"height":60}},"image":{"@type":"ImageObject","@id":"https:\/\/www.vialemonde.tv\/wp-content\/uploads\/2026\/07\/100_002-scaled.jpg","url":"https:\/\/www.vialemonde.tv\/wp-content\/uploads\/2026\/07\/100_002-scaled.jpg","height":1920,"width":2560},"wordCount":890,"keywords":null},{"@type":"BlogPosting","@id":"https:\/\/www.vialemonde.tv\/le-billet-de-catherine-viau\/","headline":"Un nouveau projet \u00e9ditorial","url":"https:\/\/www.vialemonde.tv\/le-billet-de-catherine-viau\/","datePublished":"2026-07-26","dateModified":"2026-08-01","mainEntityOfPage":"https:\/\/www.vialemonde.tv\/le-billet-de-catherine-viau\/","author":{"@type":"Person","@id":"https:\/\/www.vialemonde.tv\/author\/catherine\/#Person","name":"catherine","url":"https:\/\/www.vialemonde.tv\/author\/catherine\/","identifier":1,"image":{"@type":"ImageObject","@id":"https:\/\/secure.gravatar.com\/avatar\/54fcfc7b3a86e882ff1fa3e9d1f6618cd20f0fa8aca69b02c1a207af07935dce?s=96&d=mm&r=g","url":"https:\/\/secure.gravatar.com\/avatar\/54fcfc7b3a86e882ff1fa3e9d1f6618cd20f0fa8aca69b02c1a207af07935dce?s=96&d=mm&r=g","height":96,"width":96}},"publisher":{"@type":"Organization","name":"Le Groupe Via le monde Inc.","logo":{"@type":"ImageObject","@id":"https:\/\/www.vialemonde.tv\/wp-content\/uploads\/2026\/06\/Logo-Via-le-monde-colore\u0301-bleu.png","url":"https:\/\/www.vialemonde.tv\/wp-content\/uploads\/2026\/06\/Logo-Via-le-monde-colore\u0301-bleu.png","width":600,"height":60}},"image":{"@type":"ImageObject","@id":"https:\/\/www.vialemonde.tv\/wp-content\/uploads\/2026\/07\/Logo-Latelier-documentaire-1.png","url":"https:\/\/www.vialemonde.tv\/wp-content\/uploads\/2026\/07\/Logo-Latelier-documentaire-1.png","height":887,"width":1774},"wordCount":428,"keywords":null},{"@type":"BlogPosting","@id":"https:\/\/www.vialemonde.tv\/me-no-savey\/","headline":"Me no savey","url":"https:\/\/www.vialemonde.tv\/me-no-savey\/","datePublished":"2026-07-26","dateModified":"2026-08-02","mainEntityOfPage":"https:\/\/www.vialemonde.tv\/me-no-savey\/","author":{"@type":"Person","@id":"https:\/\/www.vialemonde.tv\/author\/catherine\/#Person","name":"catherine","url":"https:\/\/www.vialemonde.tv\/author\/catherine\/","identifier":1,"image":{"@type":"ImageObject","@id":"https:\/\/secure.gravatar.com\/avatar\/54fcfc7b3a86e882ff1fa3e9d1f6618cd20f0fa8aca69b02c1a207af07935dce?s=96&d=mm&r=g","url":"https:\/\/secure.gravatar.com\/avatar\/54fcfc7b3a86e882ff1fa3e9d1f6618cd20f0fa8aca69b02c1a207af07935dce?s=96&d=mm&r=g","height":96,"width":96}},"publisher":{"@type":"Organization","name":"Le Groupe Via le monde Inc.","logo":{"@type":"ImageObject","@id":"https:\/\/www.vialemonde.tv\/wp-content\/uploads\/2026\/06\/Logo-Via-le-monde-colore\u0301-bleu.png","url":"https:\/\/www.vialemonde.tv\/wp-content\/uploads\/2026\/06\/Logo-Via-le-monde-colore\u0301-bleu.png","width":600,"height":60}},"image":{"@type":"ImageObject","@id":"https:\/\/www.vialemonde.tv\/wp-content\/uploads\/2026\/06\/board-81-TK1T7-reference.png","url":"https:\/\/www.vialemonde.tv\/wp-content\/uploads\/2026\/06\/board-81-TK1T7-reference.png","height":900,"width":1600},"wordCount":2628,"keywords":null},{"@type":"BlogPosting","@id":"https:\/\/www.vialemonde.tv\/gastronomie-un-nouveau-chantier-pour-cultiver-son-milieutitre-de-larticle\/","headline":"Gastronomie : un nouveau chantier pour cultiver son milieu","url":"https:\/\/www.vialemonde.tv\/gastronomie-un-nouveau-chantier-pour-cultiver-son-milieutitre-de-larticle\/","datePublished":"2026-07-25","dateModified":"2026-08-01","mainEntityOfPage":"https:\/\/www.vialemonde.tv\/gastronomie-un-nouveau-chantier-pour-cultiver-son-milieutitre-de-larticle\/","author":{"@type":"Person","@id":"https:\/\/www.vialemonde.tv\/author\/catherine\/#Person","name":"catherine","url":"https:\/\/www.vialemonde.tv\/author\/catherine\/","identifier":1,"image":{"@type":"ImageObject","@id":"https:\/\/secure.gravatar.com\/avatar\/54fcfc7b3a86e882ff1fa3e9d1f6618cd20f0fa8aca69b02c1a207af07935dce?s=96&d=mm&r=g","url":"https:\/\/secure.gravatar.com\/avatar\/54fcfc7b3a86e882ff1fa3e9d1f6618cd20f0fa8aca69b02c1a207af07935dce?s=96&d=mm&r=g","height":96,"width":96}},"publisher":{"@type":"Organization","name":"Le Groupe Via le monde Inc.","logo":{"@type":"ImageObject","@id":"https:\/\/www.vialemonde.tv\/wp-content\/uploads\/2026\/06\/Logo-Via-le-monde-colore\u0301-bleu.png","url":"https:\/\/www.vialemonde.tv\/wp-content\/uploads\/2026\/06\/Logo-Via-le-monde-colore\u0301-bleu.png","width":600,"height":60}},"image":{"@type":"ImageObject","@id":"https:\/\/www.vialemonde.tv\/wp-content\/uploads\/2026\/07\/23-LeonDeLyon-1.jpg","url":"https:\/\/www.vialemonde.tv\/wp-content\/uploads\/2026\/07\/23-LeonDeLyon-1.jpg","height":475,"width":618},"wordCount":1145,"keywords":null},{"@type":"BlogPosting","@id":"https:\/\/www.vialemonde.tv\/repenser-le-monde-une-trentaine-de-capsules-maintenant-accessibles\/","headline":"Repenser le monde : une trentaine de capsules maintenant accessibles","url":"https:\/\/www.vialemonde.tv\/repenser-le-monde-une-trentaine-de-capsules-maintenant-accessibles\/","datePublished":"2026-07-25","dateModified":"2026-07-31","mainEntityOfPage":"https:\/\/www.vialemonde.tv\/repenser-le-monde-une-trentaine-de-capsules-maintenant-accessibles\/","author":{"@type":"Person","@id":"https:\/\/www.vialemonde.tv\/author\/catherine\/#Person","name":"catherine","url":"https:\/\/www.vialemonde.tv\/author\/catherine\/","identifier":1,"image":{"@type":"ImageObject","@id":"https:\/\/secure.gravatar.com\/avatar\/54fcfc7b3a86e882ff1fa3e9d1f6618cd20f0fa8aca69b02c1a207af07935dce?s=96&d=mm&r=g","url":"https:\/\/secure.gravatar.com\/avatar\/54fcfc7b3a86e882ff1fa3e9d1f6618cd20f0fa8aca69b02c1a207af07935dce?s=96&d=mm&r=g","height":96,"width":96}},"publisher":{"@type":"Organization","name":"Le Groupe Via le monde Inc.","logo":{"@type":"ImageObject","@id":"https:\/\/www.vialemonde.tv\/wp-content\/uploads\/2026\/06\/Logo-Via-le-monde-colore\u0301-bleu.png","url":"https:\/\/www.vialemonde.tv\/wp-content\/uploads\/2026\/06\/Logo-Via-le-monde-colore\u0301-bleu.png","width":600,"height":60}},"image":{"@type":"ImageObject","@id":"https:\/\/www.vialemonde.tv\/wp-content\/uploads\/2026\/07\/Riccardo-Petrella2018-12-28-17.05.46.png","url":"https:\/\/www.vialemonde.tv\/wp-content\/uploads\/2026\/07\/Riccardo-Petrella2018-12-28-17.05.46.png","height":513,"width":675},"wordCount":1008,"keywords":null},{"@type":"BlogPosting","@id":"https:\/\/www.vialemonde.tv\/les-legendes-du-monde-a-la-recherche-des-artisans-dune-aventure-internationale\/","headline":"Les l\u00e9gendes du monde : \u00e0 la recherche des artisans d&rsquo;une aventure internationale","url":"https:\/\/www.vialemonde.tv\/les-legendes-du-monde-a-la-recherche-des-artisans-dune-aventure-internationale\/","datePublished":"2026-07-22","dateModified":"2026-07-22","mainEntityOfPage":"https:\/\/www.vialemonde.tv\/les-legendes-du-monde-a-la-recherche-des-artisans-dune-aventure-internationale\/","author":{"@type":"Person","@id":"https:\/\/www.vialemonde.tv\/author\/catherine\/#Person","name":"catherine","url":"https:\/\/www.vialemonde.tv\/author\/catherine\/","identifier":1,"image":{"@type":"ImageObject","@id":"https:\/\/secure.gravatar.com\/avatar\/54fcfc7b3a86e882ff1fa3e9d1f6618cd20f0fa8aca69b02c1a207af07935dce?s=96&d=mm&r=g","url":"https:\/\/secure.gravatar.com\/avatar\/54fcfc7b3a86e882ff1fa3e9d1f6618cd20f0fa8aca69b02c1a207af07935dce?s=96&d=mm&r=g","height":96,"width":96}},"publisher":{"@type":"Organization","name":"Le Groupe Via le monde Inc.","logo":{"@type":"ImageObject","@id":"https:\/\/www.vialemonde.tv\/wp-content\/uploads\/2026\/06\/Logo-Via-le-monde-colore\u0301-bleu.png","url":"https:\/\/www.vialemonde.tv\/wp-content\/uploads\/2026\/06\/Logo-Via-le-monde-colore\u0301-bleu.png","width":600,"height":60}},"image":{"@type":"ImageObject","@id":"https:\/\/www.vialemonde.tv\/wp-content\/uploads\/2026\/07\/img43.jpg","url":"https:\/\/www.vialemonde.tv\/wp-content\/uploads\/2026\/07\/img43.jpg","height":1203,"width":1798},"wordCount":758,"keywords":null},{"@type":"BlogPosting","@id":"https:\/\/www.vialemonde.tv\/les-legendes-du-monde-ont-40-ans-un-patrimoine-audiovisuel-a-redecouvrir\/","headline":"Les L\u00e9gendes du monde ont 40 ans : un patrimoine audiovisuel \u00e0 red\u00e9couvrir","url":"https:\/\/www.vialemonde.tv\/les-legendes-du-monde-ont-40-ans-un-patrimoine-audiovisuel-a-redecouvrir\/","datePublished":"2026-07-15","dateModified":"2026-07-15","mainEntityOfPage":"https:\/\/www.vialemonde.tv\/les-legendes-du-monde-ont-40-ans-un-patrimoine-audiovisuel-a-redecouvrir\/","author":{"@type":"Person","@id":"https:\/\/www.vialemonde.tv\/author\/catherine\/#Person","name":"catherine","url":"https:\/\/www.vialemonde.tv\/author\/catherine\/","identifier":1,"image":{"@type":"ImageObject","@id":"https:\/\/secure.gravatar.com\/avatar\/54fcfc7b3a86e882ff1fa3e9d1f6618cd20f0fa8aca69b02c1a207af07935dce?s=96&d=mm&r=g","url":"https:\/\/secure.gravatar.com\/avatar\/54fcfc7b3a86e882ff1fa3e9d1f6618cd20f0fa8aca69b02c1a207af07935dce?s=96&d=mm&r=g","height":96,"width":96}},"publisher":{"@type":"Organization","name":"Le Groupe Via le monde Inc.","logo":{"@type":"ImageObject","@id":"https:\/\/www.vialemonde.tv\/wp-content\/uploads\/2026\/06\/Logo-Via-le-monde-colore\u0301-bleu.png","url":"https:\/\/www.vialemonde.tv\/wp-content\/uploads\/2026\/06\/Logo-Via-le-monde-colore\u0301-bleu.png","width":600,"height":60}},"image":{"@type":"ImageObject","@id":"https:\/\/www.vialemonde.tv\/wp-content\/uploads\/2026\/06\/Bertolino-le-film-V5_Page_64_Image_0001.jpg","url":"https:\/\/www.vialemonde.tv\/wp-content\/uploads\/2026\/06\/Bertolino-le-film-V5_Page_64_Image_0001.jpg","height":642,"width":481},"wordCount":1141,"keywords":null},{"@type":"BlogPosting","@id":"https:\/\/www.vialemonde.tv\/le-festival-cinema-du-monde-de-sherbrooke-treize-editions-a-ouvrir-des-fenetres-sur-le-monde\/","headline":"Le Festival cin\u00e9ma du monde de Sherbrooke : treize \u00e9ditions \u00e0 ouvrir des fen\u00eatres sur le monde","url":"https:\/\/www.vialemonde.tv\/le-festival-cinema-du-monde-de-sherbrooke-treize-editions-a-ouvrir-des-fenetres-sur-le-monde\/","datePublished":"2026-07-15","dateModified":"2026-07-15","mainEntityOfPage":"https:\/\/www.vialemonde.tv\/le-festival-cinema-du-monde-de-sherbrooke-treize-editions-a-ouvrir-des-fenetres-sur-le-monde\/","author":{"@type":"Person","@id":"https:\/\/www.vialemonde.tv\/author\/catherine\/#Person","name":"catherine","url":"https:\/\/www.vialemonde.tv\/author\/catherine\/","identifier":1,"image":{"@type":"ImageObject","@id":"https:\/\/secure.gravatar.com\/avatar\/54fcfc7b3a86e882ff1fa3e9d1f6618cd20f0fa8aca69b02c1a207af07935dce?s=96&d=mm&r=g","url":"https:\/\/secure.gravatar.com\/avatar\/54fcfc7b3a86e882ff1fa3e9d1f6618cd20f0fa8aca69b02c1a207af07935dce?s=96&d=mm&r=g","height":96,"width":96}},"publisher":{"@type":"Organization","name":"Le Groupe Via le monde Inc.","logo":{"@type":"ImageObject","@id":"https:\/\/www.vialemonde.tv\/wp-content\/uploads\/2026\/06\/Logo-Via-le-monde-colore\u0301-bleu.png","url":"https:\/\/www.vialemonde.tv\/wp-content\/uploads\/2026\/06\/Logo-Via-le-monde-colore\u0301-bleu.png","width":600,"height":60}},"image":{"@type":"ImageObject","@id":"https:\/\/www.vialemonde.tv\/wp-content\/uploads\/2026\/06\/2025-04-13_FCMS2.jpg","url":"https:\/\/www.vialemonde.tv\/wp-content\/uploads\/2026\/06\/2025-04-13_FCMS2.jpg","height":1365,"width":2048},"wordCount":1018,"keywords":null},{"@type":"BlogPosting","@id":"https:\/\/www.vialemonde.tv\/bien-ancre-dans-sa-region-daniel-bertolino-lile-perrot-comme-port-dattache\/","headline":"Bien ancr\u00e9 dans sa r\u00e9gion : Daniel Bertolino, l&rsquo;\u00cele Perrot comme port d&rsquo;attache","url":"https:\/\/www.vialemonde.tv\/bien-ancre-dans-sa-region-daniel-bertolino-lile-perrot-comme-port-dattache\/","datePublished":"2026-07-15","dateModified":"2026-07-15","mainEntityOfPage":"https:\/\/www.vialemonde.tv\/bien-ancre-dans-sa-region-daniel-bertolino-lile-perrot-comme-port-dattache\/","author":{"@type":"Person","@id":"https:\/\/www.vialemonde.tv\/author\/catherine\/#Person","name":"catherine","url":"https:\/\/www.vialemonde.tv\/author\/catherine\/","identifier":1,"image":{"@type":"ImageObject","@id":"https:\/\/secure.gravatar.com\/avatar\/54fcfc7b3a86e882ff1fa3e9d1f6618cd20f0fa8aca69b02c1a207af07935dce?s=96&d=mm&r=g","url":"https:\/\/secure.gravatar.com\/avatar\/54fcfc7b3a86e882ff1fa3e9d1f6618cd20f0fa8aca69b02c1a207af07935dce?s=96&d=mm&r=g","height":96,"width":96}},"publisher":{"@type":"Organization","name":"Le Groupe Via le monde Inc.","logo":{"@type":"ImageObject","@id":"https:\/\/www.vialemonde.tv\/wp-content\/uploads\/2026\/06\/Logo-Via-le-monde-colore\u0301-bleu.png","url":"https:\/\/www.vialemonde.tv\/wp-content\/uploads\/2026\/06\/Logo-Via-le-monde-colore\u0301-bleu.png","width":600,"height":60}},"image":{"@type":"ImageObject","@id":"https:\/\/www.vialemonde.tv\/wp-content\/uploads\/2026\/06\/Bertolino-le-film-V5_Page_73_Image_0005.jpg","url":"https:\/\/www.vialemonde.tv\/wp-content\/uploads\/2026\/06\/Bertolino-le-film-V5_Page_73_Image_0005.jpg","height":423,"width":636},"wordCount":1005,"keywords":null},{"@type":"BlogPosting","@id":"https:\/\/www.vialemonde.tv\/sortie-2024-amazonie-a-la-rencontre-des-gardiens-et-des-gardiennes-de-la-foret-un-film-de-santiago-bertolino\/","headline":"Sortie 2024 \u2013 Amazonie, \u00e0 la rencontre des gardiens et des gardiennes de la for\u00eat, un film de Santiago Bertolino","url":"https:\/\/www.vialemonde.tv\/sortie-2024-amazonie-a-la-rencontre-des-gardiens-et-des-gardiennes-de-la-foret-un-film-de-santiago-bertolino\/","datePublished":"2026-07-15","dateModified":"2026-07-15","mainEntityOfPage":"https:\/\/www.vialemonde.tv\/sortie-2024-amazonie-a-la-rencontre-des-gardiens-et-des-gardiennes-de-la-foret-un-film-de-santiago-bertolino\/","author":{"@type":"Person","@id":"https:\/\/www.vialemonde.tv\/author\/catherine\/#Person","name":"catherine","url":"https:\/\/www.vialemonde.tv\/author\/catherine\/","identifier":1,"image":{"@type":"ImageObject","@id":"https:\/\/secure.gravatar.com\/avatar\/54fcfc7b3a86e882ff1fa3e9d1f6618cd20f0fa8aca69b02c1a207af07935dce?s=96&d=mm&r=g","url":"https:\/\/secure.gravatar.com\/avatar\/54fcfc7b3a86e882ff1fa3e9d1f6618cd20f0fa8aca69b02c1a207af07935dce?s=96&d=mm&r=g","height":96,"width":96}},"publisher":{"@type":"Organization","name":"Le Groupe Via le monde Inc.","logo":{"@type":"ImageObject","@id":"https:\/\/www.vialemonde.tv\/wp-content\/uploads\/2026\/06\/Logo-Via-le-monde-colore\u0301-bleu.png","url":"https:\/\/www.vialemonde.tv\/wp-content\/uploads\/2026\/06\/Logo-Via-le-monde-colore\u0301-bleu.png","width":600,"height":60}},"image":{"@type":"ImageObject","@id":"https:\/\/www.vialemonde.tv\/wp-content\/uploads\/2026\/06\/28-Marie-Jo-avec-les-ticunas_bateau_Betania_highres-scaled.png","url":"https:\/\/www.vialemonde.tv\/wp-content\/uploads\/2026\/06\/28-Marie-Jo-avec-les-ticunas_bateau_Betania_highres-scaled.png","height":1440,"width":2560},"wordCount":1040,"keywords":null}]}